{"id":1457,"date":"2014-01-27T15:42:39","date_gmt":"2014-01-27T14:42:39","guid":{"rendered":"http:\/\/www.gruppolercari.com\/?p=1457"},"modified":"2017-06-08T10:25:30","modified_gmt":"2017-06-08T08:25:30","slug":"lercari-festeggia-135-anni-di-storia","status":"publish","type":"post","link":"https:\/\/www.gruppolercari.com\/en\/news-dal-gruppo-lercari\/lercari-festeggia-135-anni-di-storia\/","title":{"rendered":"Lercari festeggia 135 anni di storia"},"content":{"rendered":"<p><em><span style=\"font-family: tahoma,arial,helvetica,sans-serif;\"> <img loading=\"lazy\" class=\"alignleft wp-image-300\" src=\"http:\/\/www.gruppolercari.com\/wp-content\/uploads\/2013\/03\/Lercari-e1364227517257.jpg\" alt=\"\" width=\"218\" height=\"55\" \/><\/span><\/em><\/p>\n<p class=\"MsoNormal\" style=\"text-align: justify;\"><span style=\"font-family: georgia, palatino, serif; font-size: 12pt;\">Gruppo Lercari affonda le sue radici nella storia dei servizi assicurativi della Genova di fine 800.<\/span><\/p>\n<p class=\"MsoNormal\" style=\"text-align: justify;\"><span style=\"font-family: georgia, palatino, serif; font-size: 12pt;\">L\u2019azienda \u00e8 inserita nel Registro delle Imprese Storiche istituito da Unioncamere.<\/span><\/p>\n<p><span style=\"font-family: georgia, palatino, serif; font-size: 12pt;\"><!--more--><\/span><\/p>\n<p class=\"MsoNormal\" style=\"text-align: justify;\"><span style=\"font-size: 12pt;\"><span style=\"font-family: georgia, palatino, serif;\">Dai primi passi compiuti dal fondatore al primo grande incarico per l\u2019incendio e distruzione dei Grandi Magazzini della Rinascente di Milano del 1918, la cui documentazione \u00e8 conservata negli archivi dello storico palazzo della Sede di Genova, al successivo sviluppo e trasformazione in Gruppo fortemente strutturato e diversificato, Lercari\u00a0 &#8211; nei suoi 135 anni di attivit\u00e0 &#8211; ha raggiunto primati aziendali che ne fanno una realt\u00e0 praticamente unica nel panorama assicurativo, per continuit\u00e0 generazionale, qualit\u00e0 e salvaguardia dei principi nell\u2019erogazione dei propri servizi, non solo peritali,\u00a0 che sono andati via via sempre pi\u00f9 caratterizzandosi per livello e multi nazionalit\u00e0 dell\u2019approccio.<\/span><\/span><\/p>\n<p class=\"MsoNormal\" style=\"text-align: justify;\"><span style=\"font-size: 12pt;\"><span style=\"font-family: georgia, palatino, serif;\">Dall\u2019embrionale Studio Peritale individuale per avarie marittime, situato nell\u2019antico Porto di Genova di fine secolo, a tutto il suo successivo sviluppo, l\u2019azienda, nel suo lungo percorso, non ha mai rinunciato ai principi saldissimi che l\u2019hanno sempre contraddistinta ed ha sempre inteso salvaguardare, con una \u201ctenacia tutta ligure\u201d nello svolgimento del core business originario e che tutt\u2019ora ne caratterizza gran parte delle attivit\u00e0: la perizia.<\/span><\/span><\/p>\n<p>&nbsp;<\/p>\n<p><iframe loading=\"lazy\" width=\"750\" height=\"422\" src=\"https:\/\/www.youtube.com\/embed\/4BAW89OLSwo?start=1&#038;feature=oembed\" frameborder=\"0\" allowfullscreen><\/iframe><\/p>\n<h5><\/h5>\n<p>&nbsp;<\/p>\n<p>&nbsp;<\/p>\n","protected":false},"excerpt":{"rendered":"<p>Gruppo Lercari affonda le sue radici nella storia dei servizi assicurativi della Genova di fine 800. L\u2019azienda \u00e8 inserita nel Registro delle Imprese Storiche istituito da Unioncamere.<\/p>\n","protected":false},"author":1,"featured_media":33,"comment_status":"closed","ping_status":"open","sticky":false,"template":"","format":"standard","meta":{"_exactmetrics_skip_tracking":false,"_exactmetrics_sitenote_active":false,"_exactmetrics_sitenote_note":"","_exactmetrics_sitenote_category":0},"categories":[195],"tags":[],"_links":{"self":[{"href":"https:\/\/www.gruppolercari.com\/en\/wp-json\/wp\/v2\/posts\/1457"}],"collection":[{"href":"https:\/\/www.gruppolercari.com\/en\/wp-json\/wp\/v2\/posts"}],"about":[{"href":"https:\/\/www.gruppolercari.com\/en\/wp-json\/wp\/v2\/types\/post"}],"author":[{"embeddable":true,"href":"https:\/\/www.gruppolercari.com\/en\/wp-json\/wp\/v2\/users\/1"}],"replies":[{"embeddable":true,"href":"https:\/\/www.gruppolercari.com\/en\/wp-json\/wp\/v2\/comments?post=1457"}],"version-history":[{"count":2,"href":"https:\/\/www.gruppolercari.com\/en\/wp-json\/wp\/v2\/posts\/1457\/revisions"}],"predecessor-version":[{"id":3888,"href":"https:\/\/www.gruppolercari.com\/en\/wp-json\/wp\/v2\/posts\/1457\/revisions\/3888"}],"wp:featuredmedia":[{"embeddable":true,"href":"https:\/\/www.gruppolercari.com\/en\/wp-json\/wp\/v2\/media\/33"}],"wp:attachment":[{"href":"https:\/\/www.gruppolercari.com\/en\/wp-json\/wp\/v2\/media?parent=1457"}],"wp:term":[{"taxonomy":"category","embeddable":true,"href":"https:\/\/www.gruppolercari.com\/en\/wp-json\/wp\/v2\/categories?post=1457"},{"taxonomy":"post_tag","embeddable":true,"href":"https:\/\/www.gruppolercari.com\/en\/wp-json\/wp\/v2\/tags?post=1457"}],"curies":[{"name":"wp","href":"https:\/\/api.w.org\/{rel}","templated":true}]}}