{"id":4564,"date":"2017-09-07T11:41:51","date_gmt":"2017-09-07T09:41:51","guid":{"rendered":"http:\/\/www.gruppolercari.com\/?p=4564\/"},"modified":"2017-09-19T11:53:20","modified_gmt":"2017-09-19T09:53:20","slug":"assinews-cyber-risk-trasferimento-assicurativo","status":"publish","type":"post","link":"https:\/\/www.gruppolercari.com\/en\/news-dal-gruppo-lercari\/assinews-cyber-risk-trasferimento-assicurativo\/","title":{"rendered":"ASSINEWS- Cyber risk: Il trasferimento assicurativo del rischio cyber (Terza Parte)"},"content":{"rendered":"<p style=\"line-height: 19.5pt; margin: 0cm 0cm 19.5pt 0cm;\"><span style=\"font-size: 11.5pt; font-family: 'Verdana','sans-serif'; color: #222222;\">Il Convegno\u00a0<strong><span style=\"font-family: 'Verdana','sans-serif';\">\u201cCyber Risk &amp; Privacy: rischi e tutele per le imprese\u201d\u00a0<\/span><\/strong>organizzato dal\u00a0<strong><span style=\"font-family: 'Verdana','sans-serif';\">Gruppo Lercari<\/span><\/strong>,\u00a0<strong><span style=\"font-family: 'Verdana','sans-serif';\">Willis Towers Watson<\/span><\/strong>\u00a0e\u00a0<strong><span style=\"font-family: 'Verdana','sans-serif';\">BTG Legal<\/span><\/strong>\u00a0ha\u00a0voluto\u00a0promuovere un confronto aggiornato sulle soluzioni di ultima generazione, a supporto del management delle imprese, nella gestione del\u00a0<em><b><span style=\"font-family: 'Verdana','sans-serif';\">\u201crischio cyber\u201d.<\/span><\/b><\/em><\/span><\/p>\n<p style=\"line-height: 19.5pt; box-sizing: border-box; word-wrap: break-word; margin: 0cm 0cm 19.5pt 0cm;\"><span style=\"font-size: 11.5pt; font-family: 'Verdana','sans-serif'; color: #222222;\">Sul trasferimento assicurativo del rischio cyber ha argomentato\u00a0<strong><span style=\"font-family: 'Verdana','sans-serif';\">Orazio Rossi<\/span><\/strong>, Country President del\u00a0<strong><span style=\"font-family: 'Verdana','sans-serif';\">Chubb Group<\/span><\/strong>\u00a0in Italia. Che ha sottolineato il fatto di essere ormai arrivati alla quarta\u00a0<em><span style=\"font-family: 'Verdana','sans-serif';\">wawe<\/span><\/em>\u00a0della storia assicurativa.<\/span><\/p>\n<p style=\"line-height: 19.5pt; box-sizing: border-box; word-wrap: break-word; margin: 0cm 0cm 19.5pt 0cm;\"><span style=\"font-size: 11.5pt; font-family: 'Verdana','sans-serif'; color: #222222;\">Dopo la dominanza del Marine per tutto l\u2019Ottocento, sono arrivati i disastrosi incendi di Londra e di Chicago a attivare la sensibilit\u00e0 a assicurarsi contro le conseguenze di un incendio. Con la fine della seconda guerra mondiale l\u2019attenzione principale si \u00e8 spostata sui \u201cdiritti\u201d, con al centro la responsabilit\u00e0 civile che fino a ieri ha raccolto la maggior quota di premi. Con il Cyber Risk si pu\u00f2 dire che emerge il nuovo e pi\u00f9 pressante argomento su cui gli assicuratori sono chiamati a intervenire.<\/span><\/p>\n<p style=\"line-height: 19.5pt; box-sizing: border-box; word-wrap: break-word; margin: 0cm 0cm 19.5pt 0cm;\"><span style=\"font-size: 11.5pt; font-family: 'Verdana','sans-serif'; color: #222222;\">Considerato che, a livello planetario, i proventi da attacchi informatici hanno superato il giro d\u2019affari della droga.<\/span><\/p>\n<p style=\"line-height: 19.5pt; box-sizing: border-box; word-wrap: break-word; margin: 0cm 0cm 19.5pt 0cm;\"><span style=\"font-size: 11.5pt; font-family: 'Verdana','sans-serif'; color: #222222;\">Il\u00a0<em><span style=\"font-family: 'Verdana','sans-serif';\">\u201cdark web\u201d<\/span><\/em>\u00a0\u00e8 un luogo (per nulla metafisico, anzi) i cui contenuti non possono essere registrati da motori di ricerca. Un posto dove ci si muove senza poter essere controllati.<\/span><\/p>\n<p style=\"line-height: 19.5pt; box-sizing: border-box; word-wrap: break-word; margin: 0cm 0cm 19.5pt 0cm;\"><span style=\"font-size: 11.5pt; font-family: 'Verdana','sans-serif'; color: #222222;\">Da l\u00ec partono gli attacchi, per difendersi dai quali occorre adottare tutti gli strumenti di prevenzione. Ma oggi la capacit\u00e0 di valutare un rischio cyber \u00e8 molto evanescente. Le aziende pur importanti e le relative strutture di information technology hanno scarsa capacit\u00e0 di percepire tale rischio. Non parliamo poi di quello che accade, di fronte a un problema del genere, alla Piccole e Medie imprese.<\/span><\/p>\n<p style=\"line-height: 19.5pt; box-sizing: border-box; word-wrap: break-word; margin: 0cm 0cm 19.5pt 0cm;\"><span style=\"font-size: 11.5pt; font-family: 'Verdana','sans-serif'; color: #222222;\">Siamo entrati nell\u2019era del digitale, dell\u2019umanit\u00e0 connessa, dell\u2019industria.4. Pi\u00f9 si \u00e8 connessi alla rete, pi\u00f9 aumentano le possibilit\u00e0 di rischio cyber.<\/span><\/p>\n<p style=\"line-height: 19.5pt; box-sizing: border-box; word-wrap: break-word; margin: 0cm 0cm 19.5pt 0cm;\"><span style=\"font-size: 11.5pt; font-family: 'Verdana','sans-serif'; color: #222222;\">E il livello di resilienza di fronte a tale minaccia \u00e8 quasi inesistente.<\/span><\/p>\n<p style=\"line-height: 19.5pt; box-sizing: border-box; word-wrap: break-word; margin: 0cm 0cm 19.5pt 0cm;\"><span style=\"font-size: 11.5pt; font-family: 'Verdana','sans-serif'; color: #222222;\">Si vedr\u00e0 quali effetti verranno dall\u2019introduzione, nel maggio del 2018, del Regolamento pi\u00f9 volte citato.<\/span><\/p>\n<p style=\"line-height: 19.5pt; box-sizing: border-box; word-wrap: break-word; margin: 0cm 0cm 19.5pt 0cm;\"><span style=\"font-size: 11.5pt; font-family: 'Verdana','sans-serif'; color: #222222;\">Ma \u00e8 certo che oggi il 90 per cento delle aziende italiane NON sono attrezzate.<\/span><\/p>\n<p style=\"line-height: 19.5pt; box-sizing: border-box; word-wrap: break-word; margin: 0cm 0cm 19.5pt 0cm;\"><span style=\"font-size: 11.5pt; font-family: 'Verdana','sans-serif'; color: #222222;\">E dire che il 35 per cento delle aziende sono state vittime di cyber attacchi.<\/span><\/p>\n<p style=\"line-height: 19.5pt; box-sizing: border-box; word-wrap: break-word; margin: 0cm 0cm 19.5pt 0cm;\"><span style=\"font-size: 11.5pt; font-family: 'Verdana','sans-serif'; color: #222222;\">Da assicuratore, Orazio Rossi ha concluso sottolineando le valenze e le convenienze del trasferimento del rischio cyber alle competenze del sistema assicurativo.<\/span><\/p>\n<p>Autore: Gigi Giudice<\/p>\n<p style=\"line-height: 19.5pt; box-sizing: border-box; word-wrap: break-word; margin: 0cm 0cm 19.5pt 0cm;\"><span style=\"color: #222222; font-family: Verdana, sans-serif;\"><span style=\"font-size: 15.3333px;\">Fonte: Assinews<\/span><\/span><\/p>\n<p><a href=\"https:\/\/www.assinews.it\/09\/2017\/trasferimento-assicurativo-del-rischio-cyber\/660043593\/\">Per l&#8217;articolo cliccare qui.<\/a><\/p>\n<p>&nbsp;<\/p>\n<p style=\"line-height: 19.5pt; box-sizing: border-box; word-wrap: break-word; margin: 0cm 0cm 19.5pt 0cm;\"><span style=\"font-size: 11.5pt; font-family: 'Verdana','sans-serif'; color: #222222;\"><br \/>\n<!--[endif]--><\/span><\/p>\n","protected":false},"excerpt":{"rendered":"<p>Il Convegno\u00a0\u201cCyber Risk &amp; Privacy: rischi e tutele per le imprese\u201d\u00a0organizzato dal\u00a0Gruppo Lercari,\u00a0Willis Towers Watson\u00a0e\u00a0BTG Legal\u00a0ha\u00a0voluto\u00a0promuovere un confronto aggiornato sulle soluzioni di ultima generazione, a supporto del management delle imprese, nella gestione del\u00a0\u201crischio cyber\u201d. Sul trasferimento assicurativo del rischio cyber ha argomentato\u00a0Orazio Rossi, Country President del\u00a0Chubb Group\u00a0in Italia. Che ha [&hellip;]<\/p>\n","protected":false},"author":1,"featured_media":3934,"comment_status":"closed","ping_status":"closed","sticky":false,"template":"","format":"standard","meta":{"_exactmetrics_skip_tracking":false,"_exactmetrics_sitenote_active":false,"_exactmetrics_sitenote_note":"","_exactmetrics_sitenote_category":0},"categories":[195],"tags":[203,93,138,129,156,204],"_links":{"self":[{"href":"https:\/\/www.gruppolercari.com\/en\/wp-json\/wp\/v2\/posts\/4564"}],"collection":[{"href":"https:\/\/www.gruppolercari.com\/en\/wp-json\/wp\/v2\/posts"}],"about":[{"href":"https:\/\/www.gruppolercari.com\/en\/wp-json\/wp\/v2\/types\/post"}],"author":[{"embeddable":true,"href":"https:\/\/www.gruppolercari.com\/en\/wp-json\/wp\/v2\/users\/1"}],"replies":[{"embeddable":true,"href":"https:\/\/www.gruppolercari.com\/en\/wp-json\/wp\/v2\/comments?post=4564"}],"version-history":[{"count":2,"href":"https:\/\/www.gruppolercari.com\/en\/wp-json\/wp\/v2\/posts\/4564\/revisions"}],"predecessor-version":[{"id":4614,"href":"https:\/\/www.gruppolercari.com\/en\/wp-json\/wp\/v2\/posts\/4564\/revisions\/4614"}],"wp:featuredmedia":[{"embeddable":true,"href":"https:\/\/www.gruppolercari.com\/en\/wp-json\/wp\/v2\/media\/3934"}],"wp:attachment":[{"href":"https:\/\/www.gruppolercari.com\/en\/wp-json\/wp\/v2\/media?parent=4564"}],"wp:term":[{"taxonomy":"category","embeddable":true,"href":"https:\/\/www.gruppolercari.com\/en\/wp-json\/wp\/v2\/categories?post=4564"},{"taxonomy":"post_tag","embeddable":true,"href":"https:\/\/www.gruppolercari.com\/en\/wp-json\/wp\/v2\/tags?post=4564"}],"curies":[{"name":"wp","href":"https:\/\/api.w.org\/{rel}","templated":true}]}}