{"id":4572,"date":"2017-09-08T13:01:50","date_gmt":"2017-09-08T11:01:50","guid":{"rendered":"http:\/\/www.gruppolercari.com\/?p=4572\/"},"modified":"2017-11-28T09:49:47","modified_gmt":"2017-11-28T08:49:47","slug":"intermedia-channel-crolli-affidabilita-strutturale-consolidamento-implicazioni-termini-tecnico-assicurativi","status":"publish","type":"post","link":"https:\/\/www.gruppolercari.com\/en\/eventi\/intermedia-channel-crolli-affidabilita-strutturale-consolidamento-implicazioni-termini-tecnico-assicurativi\/","title":{"rendered":"INTERMEDIA CHANNEL: \u201cCrolli, affidabilit\u00e0 strutturale e consolidamento: implicazioni in termini tecnico assicurativi\u201d"},"content":{"rendered":"<div class=\"td-post-header\">\n<p>\u00c8 in programma il prossimo 15 settembre a Milano, durante i lavori di\u00a0<strong>IF CRASC 2017<\/strong>(IV Convegno di ingegneria forense e VII Convegno su crolli, affidabilit\u00e0 strutturale, consolidamento), la tavola rotonda\u00a0<em>\u201c<strong>Crolli, affidabilit\u00e0 strutturale e consolidamento: implicazioni in termini tecnico assicurativi<\/strong>\u201d<\/em>.<\/p>\n<p><em>\u201cRecenti episodi, che cos\u00ec larga eco hanno avuto sui media, hanno evidenziato<\/em>\u00a0\u2013 si legge nella nota di presentazione ai lavori (che si terranno dalle ore 11.00 presso il<strong>Politecnico di Milano<\/strong>,\u00a0Aula Rogers, Edificio 11 Architettura, Piano rialzato \u2013 Via Amp\u00e8re, 2) \u2013\u00a0<em>come manufatti progettati e costruiti solo pochi anni fa, abbiano dato gravi problemi di affidabilit\u00e0 strutturale e comportato la necessit\u00e0 di verifiche sulla stabilit\u00e0 e consolidamento\u201d<\/em>.<\/p>\n<p>La tavola rotonda toccher\u00e0 tematiche riguardanti la ricostruzione del processo edilizio e il giudizio sulla responsabilit\u00e0 professionale, le risposte del mercato assicurativo in termini di garanzie assicurative per errori professionali e come le figure professionali del perito e dell\u2019ingegnere forense possono contribuire a supportare le imprese assicurative sia a livello di risk management e loss prevention che in caso di sinistro. Uno spazio sar\u00e0 inoltre dedicato a responsabilit\u00e0 civile e assicurazione, tra codice civile e codice delle assicurazioni.<\/p>\n<p>L\u2019appuntamento sar\u00e0 condotto da\u00a0<strong>Lorenzo Jurina<\/strong>, del Dipartimento ABC (Architettura, Ingegneria delle Costruzioni e Ambiente Costruito) del Politecnico di Milano. Alla tavola rotonda parteciperanno\u00a0<strong>Massimiliano Colombo<\/strong>\u00a0(Regional Underwriting Manager\u00a0<strong>QBE Italia<\/strong>),\u00a0<strong>Andrea Angeletti<\/strong>\u00a0(responsabile Assicurazioni\u00a0<strong>ADR \u2013 Aeroporti di Roma<\/strong>),\u00a0<strong>Paolo Dalmagioni<\/strong>\u00a0(direttore Costruzioni, Direzione Business\u00a0<strong>SACE BT<\/strong>),\u00a0<strong>Filippo Emanuelli<\/strong>(amministratore delegato\u00a0<strong>BELFOR Italia<\/strong>),\u00a0<strong>Silvestro Ferrara<\/strong>\u00a0Insurance Risk Manager Corporate and International Projects\u00a0<strong>Salini Impregilo<\/strong>),<strong>\u00a0Gian Luigi Lercari<\/strong>(amministratore delegato\u00a0<strong>Gruppo Lercari<\/strong>),\u00a0<strong>Ugo Pino<\/strong>\u00a0(responsabile Divisione Sinistri Tecnologici Gruppo Lercari) e\u00a0<strong>Francesco Semprini<\/strong>\u00a0(Managing Director\u00a0<strong>HDI Global<\/strong>, Rappresentanza Generale per l\u2019Italia).<\/p>\n<p><strong>Intermedia Channel<\/strong><\/p>\n<p><a href=\"http:\/\/www.intermediachannel.it\/crolli-affidabilita-strutturale-e-consolidamento-implicazioni-in-termini-tecnico-assicurativi-milano-15-settembre\/\">Per l&#8217;articolo cliccare qui.<\/a><\/p>\n<\/div>\n<p>&nbsp;<\/p>\n","protected":false},"excerpt":{"rendered":"<p>\u00c8 in programma il prossimo 15 settembre a Milano, durante i lavori di\u00a0IF CRASC 2017(IV Convegno di ingegneria forense e VII Convegno su crolli, affidabilit\u00e0 strutturale, consolidamento), la tavola rotonda\u00a0\u201cCrolli, affidabilit\u00e0 strutturale e consolidamento: implicazioni in termini tecnico assicurativi\u201d. \u201cRecenti episodi, che cos\u00ec larga eco hanno avuto sui media, hanno [&hellip;]<\/p>\n","protected":false},"author":1,"featured_media":4573,"comment_status":"closed","ping_status":"closed","sticky":false,"template":"","format":"standard","meta":{"_exactmetrics_skip_tracking":false,"_exactmetrics_sitenote_active":false,"_exactmetrics_sitenote_note":"","_exactmetrics_sitenote_category":0},"categories":[185,195],"tags":[93,129,211,214,212,156,213,136],"_links":{"self":[{"href":"https:\/\/www.gruppolercari.com\/en\/wp-json\/wp\/v2\/posts\/4572"}],"collection":[{"href":"https:\/\/www.gruppolercari.com\/en\/wp-json\/wp\/v2\/posts"}],"about":[{"href":"https:\/\/www.gruppolercari.com\/en\/wp-json\/wp\/v2\/types\/post"}],"author":[{"embeddable":true,"href":"https:\/\/www.gruppolercari.com\/en\/wp-json\/wp\/v2\/users\/1"}],"replies":[{"embeddable":true,"href":"https:\/\/www.gruppolercari.com\/en\/wp-json\/wp\/v2\/comments?post=4572"}],"version-history":[{"count":2,"href":"https:\/\/www.gruppolercari.com\/en\/wp-json\/wp\/v2\/posts\/4572\/revisions"}],"predecessor-version":[{"id":4996,"href":"https:\/\/www.gruppolercari.com\/en\/wp-json\/wp\/v2\/posts\/4572\/revisions\/4996"}],"wp:featuredmedia":[{"embeddable":true,"href":"https:\/\/www.gruppolercari.com\/en\/wp-json\/wp\/v2\/media\/4573"}],"wp:attachment":[{"href":"https:\/\/www.gruppolercari.com\/en\/wp-json\/wp\/v2\/media?parent=4572"}],"wp:term":[{"taxonomy":"category","embeddable":true,"href":"https:\/\/www.gruppolercari.com\/en\/wp-json\/wp\/v2\/categories?post=4572"},{"taxonomy":"post_tag","embeddable":true,"href":"https:\/\/www.gruppolercari.com\/en\/wp-json\/wp\/v2\/tags?post=4572"}],"curies":[{"name":"wp","href":"https:\/\/api.w.org\/{rel}","templated":true}]}}