{"id":6528,"date":"2020-05-18T14:40:06","date_gmt":"2020-05-18T12:40:06","guid":{"rendered":"https:\/\/www.gruppolercari.com\/?p=6528"},"modified":"2020-05-18T14:40:08","modified_gmt":"2020-05-18T12:40:08","slug":"insurance-trade-covid-19-levoluzione-del-ruolo-del-loss-adjuster","status":"publish","type":"post","link":"https:\/\/www.gruppolercari.com\/en\/eventi\/insurance-trade-covid-19-levoluzione-del-ruolo-del-loss-adjuster\/","title":{"rendered":"INSURANCE TRADE: &#8220;Covid-19, l\u2019evoluzione del ruolo del loss adjuster&#8221;"},"content":{"rendered":"\n<div class=\"entry-content my-5 clearfix\" itemprop=\"description\">\n<p><span>Come sta evolvendo e come evolver\u00e0 la figura del loss adjuster alla luce dell\u2019impatto del Covid-19?<strong> Un webinar organizzato da\u00a0<\/strong><\/span><strong>Anra\u00a0e Gruppo\u00a0<\/strong><span><strong>Lercari<\/strong>\u00a0<\/span><span>prover\u00e0 a fare il punto della situazione sotto molteplici punti di vista. L\u2019appuntamento online si terr\u00e0 domani, gioved\u00ec 14 maggio, con inizio alle ore 9.15, e sar\u00e0 animato da un panel di relatori composto da\u00a0<\/span><span>Alessandro De Felice<\/span><span>, presidente di Anra e chief risk officer Prysmian Group,\u00a0<\/span><span>Gian Luigi Lercari<\/span><span>\u00a0amministratore delegato del gruppo Lercari,\u00a0<\/span><span>Nicola Mancino<\/span><span>, ceo di\u00a0<\/span><span>Agcs Italia<\/span><span>\u00a0e\u00a0<\/span><span>Francesco Semprini<\/span><span>, head of Italy\u00a0<\/span><span>Swiss Re Corporate Solutions<\/span><span>.<\/span><br \/><a href=\"https:\/\/register.gotowebinar.com\/register\/5113842181586754315\" target=\"_blank\" rel=\"noopener noreferrer\"><span>Qui il link\u00a0<\/span><\/a><span>per iscriversi al webinar: ai partecipanti potranno essere riconosciuti 2 Cdp per il mantenimento della certificazione Ferma Rimap, e 1 credito formativo valido per l&#8217;attestazione di professionalit\u00e0 rilasciata da Anra.<\/span><br \/><span>La tavola rotonda far\u00e0 il punto della situazione sotto il fronte del risk management al tempo del Covid-19. La gestione dell\u2019emergenza e il conseguente lock down ha rappresentato per il mondo della gestione del rischio uno stress test, sotto la spinta di situazioni in larga parte inimmaginabili e solo in alcuni casi contemplate (quale caso estremo) nei business continuity plan. \u00c8 un punto di non ritorno nell\u2019ambito della gestione del rischio, perch\u00e9 mai come in questo frangente si \u00e8 posto il problema e sono state studiate e implementate soluzioni strategiche per adeguare le risposte alle esigenze di continuit\u00e0 operativa, resilienza e preservazione della catena del valore.<\/span><br \/><span>Lo scenario estremo cos\u00ec determinatosi ha fatto emergere la necessit\u00e0 di ripensare nuove modalit\u00e0 non solo per quanto riguarda il trasferimento dei rischi ed il risk financing, ma anche e soprattutto la gestione di eventuali sinistri. L\u2019attivit\u00e0 di loss adjusting, a differenza di altre della filiera assicurativa, si basa molto di pi\u00f9 sull&#8217;interazione personale e sul valore aggiunto delle competenze supportato da processi web based e dallo sfruttamento di nuove tecnologie. Nell\u2019ambito di un processo industriale invertito, quale quello assicurativo, gli effetti delle crisi sono stati immediatamente percepiti e faranno sentire i loro effetti anche nelle nuove fasi di convivenza con il virus e del distanziamento sociale.<\/span><br \/>\u00a9 RIPRODUZIONE RISERVATA<\/p>\n<p>Fonte: <a href=\"https:\/\/www.insurancetrade.it\/insurance\/contenuti\/mercato\/10410\/covid-19-l-evoluzione-del-ruolo-del-loss-adjuster\">Insurance Trade<\/a><\/p>\n<\/div>\n<div>\n<p><a href=\"https:\/\/register.gotowebinar.com\/register\/5113842181586754315\" target=\"_blank\" rel=\"noopener noreferrer\"><img src=\"https:\/\/anra-admin.procne.it\/system\/pictures\/pictures\/000\/004\/850\/original\/webinar_lercari.jpg?1588609023\" \/><\/a><\/p>\n<\/div>\n","protected":false},"excerpt":{"rendered":"<p>Come sta evolvendo e come evolver\u00e0 la figura del loss adjuster alla luce dell\u2019impatto del Covid-19? Un webinar organizzato da\u00a0Anra\u00a0e Gruppo\u00a0Lercari\u00a0prover\u00e0 a fare il punto della situazione sotto molteplici punti di vista. L\u2019appuntamento online si terr\u00e0 domani, gioved\u00ec 14 maggio, con inizio alle ore 9.15, e sar\u00e0 animato da un [&hellip;]<\/p>\n","protected":false},"author":1,"featured_media":6529,"comment_status":"closed","ping_status":"closed","sticky":false,"template":"","format":"standard","meta":{"_exactmetrics_skip_tracking":false,"_exactmetrics_sitenote_active":false,"_exactmetrics_sitenote_note":"","_exactmetrics_sitenote_category":0},"categories":[185,195],"tags":[69,22,200,24,381,382],"_links":{"self":[{"href":"https:\/\/www.gruppolercari.com\/en\/wp-json\/wp\/v2\/posts\/6528"}],"collection":[{"href":"https:\/\/www.gruppolercari.com\/en\/wp-json\/wp\/v2\/posts"}],"about":[{"href":"https:\/\/www.gruppolercari.com\/en\/wp-json\/wp\/v2\/types\/post"}],"author":[{"embeddable":true,"href":"https:\/\/www.gruppolercari.com\/en\/wp-json\/wp\/v2\/users\/1"}],"replies":[{"embeddable":true,"href":"https:\/\/www.gruppolercari.com\/en\/wp-json\/wp\/v2\/comments?post=6528"}],"version-history":[{"count":1,"href":"https:\/\/www.gruppolercari.com\/en\/wp-json\/wp\/v2\/posts\/6528\/revisions"}],"predecessor-version":[{"id":6531,"href":"https:\/\/www.gruppolercari.com\/en\/wp-json\/wp\/v2\/posts\/6528\/revisions\/6531"}],"wp:featuredmedia":[{"embeddable":true,"href":"https:\/\/www.gruppolercari.com\/en\/wp-json\/wp\/v2\/media\/6529"}],"wp:attachment":[{"href":"https:\/\/www.gruppolercari.com\/en\/wp-json\/wp\/v2\/media?parent=6528"}],"wp:term":[{"taxonomy":"category","embeddable":true,"href":"https:\/\/www.gruppolercari.com\/en\/wp-json\/wp\/v2\/categories?post=6528"},{"taxonomy":"post_tag","embeddable":true,"href":"https:\/\/www.gruppolercari.com\/en\/wp-json\/wp\/v2\/tags?post=6528"}],"curies":[{"name":"wp","href":"https:\/\/api.w.org\/{rel}","templated":true}]}}