{"id":6690,"date":"2020-06-30T11:27:22","date_gmt":"2020-06-30T09:27:22","guid":{"rendered":"https:\/\/www.gruppolercari.com\/?p=6690"},"modified":"2022-03-23T10:11:35","modified_gmt":"2022-03-23T09:11:35","slug":"service-lercari-s-r-l-in-precedenza-sedgwick","status":"publish","type":"post","link":"https:\/\/www.gruppolercari.com\/en\/news-dal-gruppo-lercari\/service-lercari-s-r-l-in-precedenza-sedgwick\/","title":{"rendered":"Service Lercari S.r.l. (in precedenza Sedgwick Lercari S.r.l.) Effettivo il cambio di denominazione sociale."},"content":{"rendered":"\n<p>Gentili Signori,<\/p>\n<p>desideriamo informarvi che, il Gruppo Sedgwick ed il Gruppo Lercari, in virt\u00f9 di una <strong>proficua pi\u00f9 che ventennale collaborazione<\/strong>, hanno deciso di <strong>intensificare ulteriormente il legame<\/strong> tra i propri gruppi tramite <strong>l\u2019inserimento della realt\u00e0 italiana all\u2019interno dei membri dell\u2019Alleanza Internazionale del Gruppo Sedgwick<\/strong>.<\/p>\n<p>In tale contesto si rende noto che la <strong>Sedgwick Lercari Srl ha modificato la denominazione sociale in \u201c<u>Service Lercari Srl\u201d a member of the Sedgwick Alliance<\/u><\/strong>.<\/p>\n<p>La societ\u00e0, ora cos\u00ec denominata, che mantiene immutate partita IVA, Sede Fiscale ed operativa, risulta ora interamente soggetta alla direzione e controllo di Gruppo Lercari e continuer\u00e0, senza soluzioni di continuit\u00e0 &#8211; <strong>in virt\u00f9 dell\u2019accordo di alleanza internazionale siglato<\/strong> con Sedgwick International UK &#8211; a ricevere\u00a0 <strong>l\u2019assegnazione in esclusiva di tutti gli incarichi\u00a0 (perizie e TPA) di origine Sedgwick sul territorio italiano e\u00a0 l\u2019assegnazione preferenziale dei sinistri TPA in un significativo numero di paesi europei e l\u2019utilizzo esclusivo del network internazionale di Sedgwick per i clienti del Gruppo Lercari<\/strong>.<\/p>\n<p>Conseguentemente <strong><u>Service Lercari Srl<\/u><\/strong> continuer\u00e0 a beneficiare delle tecnologie, delle competenze e della diffusione internazionale del gruppo Sedgwick, consentendo di aumentare ulteriormente l\u2019offerta di servizi, la loro qualit\u00e0 e la presenza a livello mondiale.<\/p>\n<p><strong><u>Per ulteriori informazioni si precisa che: <\/u><\/strong><\/p>\n<ol>\n<li>\n<p>La partita Iva rimane la medesima;<\/p>\n<\/li>\n<li>\n<p>La sede fiscale ed operativa \u00a0\u00e8 la stessa;<\/p>\n<\/li>\n<li>\n<p>Gli indirizzi e mail rimangono inalterati.<\/p>\n<\/li>\n<\/ol>\n<p><strong><em>Rodolfo Lercari<\/em><\/strong><em><br \/><strong>Presidente di Gruppo Lercari S.r.l.<\/strong><\/em><\/p>\n<hr \/>\n<h2><strong>Service Lercari S.r.l. (in precedenza Sedgwick Lercari S.r.l.)<\/strong><\/h2>\n<h2><strong>Effettivo il cambio di denominazione sociale.<\/strong><\/h2>\n<p><em>\u00a0Dear Sirs, <\/em><\/p>\n<p><em>we wish to inform you that the Sedgwick Group and the Lercari Group, <strong>on the strength of a more than ventennial cooperation<\/strong>, have decided to<strong> further consolidate their relationship<\/strong> by including the Italian business operations within <strong>the members of the\u00a0 international Alliance of Sedgwick Group<\/strong>.<\/em><br \/><br \/><em>In this context we would announce that <strong>Sedgwick Lercari srl has changed its company name to <u>&#8220;Service Lercari Srl\u201d a member of the Sedgwick Alliance<\/u><\/strong>.<\/em><\/p>\n<p><em>The company, so denominated, which maintains unchanged its VAT references and\u00a0 Fiscal and operational headquarters, is now entirely managed and controlled by Lercari Group and will continue, without interruption, due to the<strong> international alliance agreement signed<\/strong> with Sedgwick Internationa UK, to receive,<strong> on an exclusive basis, all the assignments ( loss adjusting instructions and TPA), originating from Sedgwick on the Italian territory, the preferential assignment of TPA claims in a significant number of European territories as well as the exclusive use of the Sedgwick international network for the clients of Lercari Group.<\/strong><\/em><br \/><br \/><em>Consequently, <strong><u>Service Lercari Srl<\/u><\/strong> will continue to avail itself of all the technologies, competencies and territorial coverage of Sedgwick International UK, with an enhanced offer of services,\u00a0 an improved\u00a0 quality and its worlwide presence.<\/em><\/p>\n<p><br \/><em><strong><u>We further inform that:<\/u><\/strong><\/em><\/p>\n<ol>\n<li>\n<p><em>The VAT reference is unchanged;<\/em><\/p>\n<\/li>\n<li>\n<p><em>The fiscal and operational headqurters remain the same;<\/em><\/p>\n<\/li>\n<li>\n<p><em>The e- mail adrresses do not change.<\/em><\/p>\n<\/li>\n<\/ol>\n<p><strong><em>Rodolfo Lercari<\/em><\/strong><em><br \/><strong>President of Gruppo Lercari S.r.l.<\/strong><\/em><\/p>\n<p><img loading=\"lazy\" src=\"https:\/\/www.gruppolercari.com\/wp-content\/uploads\/2020\/07\/SEDGWICKALLIANCESERVICElogo-300x89.jpg\" alt=\"\" width=\"300\" height=\"89\" class=\"size-medium wp-image-6746 alignleft\" srcset=\"https:\/\/www.gruppolercari.com\/wp-content\/uploads\/2020\/07\/SEDGWICKALLIANCESERVICElogo-300x89.jpg 300w, https:\/\/www.gruppolercari.com\/wp-content\/uploads\/2020\/07\/SEDGWICKALLIANCESERVICElogo-1024x304.jpg 1024w, https:\/\/www.gruppolercari.com\/wp-content\/uploads\/2020\/07\/SEDGWICKALLIANCESERVICElogo-768x228.jpg 768w, https:\/\/www.gruppolercari.com\/wp-content\/uploads\/2020\/07\/SEDGWICKALLIANCESERVICElogo-1536x456.jpg 1536w, https:\/\/www.gruppolercari.com\/wp-content\/uploads\/2020\/07\/SEDGWICKALLIANCESERVICElogo.jpg 1606w\" sizes=\"(max-width: 300px) 100vw, 300px\" \/><\/p>\n","protected":false},"excerpt":{"rendered":"<p>Gentili Signori, desideriamo informarvi che, il Gruppo Sedgwick ed il Gruppo Lercari, in virt\u00f9 di una proficua pi\u00f9 che ventennale collaborazione, hanno deciso di intensificare ulteriormente il legame tra i propri gruppi tramite l\u2019inserimento della realt\u00e0 italiana all\u2019interno dei membri dell\u2019Alleanza Internazionale del Gruppo Sedgwick. In tale contesto si rende [&hellip;]<\/p>\n","protected":false},"author":1,"featured_media":6694,"comment_status":"closed","ping_status":"closed","sticky":false,"template":"","format":"standard","meta":{"_exactmetrics_skip_tracking":false,"_exactmetrics_sitenote_active":false,"_exactmetrics_sitenote_note":"","_exactmetrics_sitenote_category":0},"categories":[195],"tags":[22,393,394,395],"_links":{"self":[{"href":"https:\/\/www.gruppolercari.com\/en\/wp-json\/wp\/v2\/posts\/6690"}],"collection":[{"href":"https:\/\/www.gruppolercari.com\/en\/wp-json\/wp\/v2\/posts"}],"about":[{"href":"https:\/\/www.gruppolercari.com\/en\/wp-json\/wp\/v2\/types\/post"}],"author":[{"embeddable":true,"href":"https:\/\/www.gruppolercari.com\/en\/wp-json\/wp\/v2\/users\/1"}],"replies":[{"embeddable":true,"href":"https:\/\/www.gruppolercari.com\/en\/wp-json\/wp\/v2\/comments?post=6690"}],"version-history":[{"count":8,"href":"https:\/\/www.gruppolercari.com\/en\/wp-json\/wp\/v2\/posts\/6690\/revisions"}],"predecessor-version":[{"id":8688,"href":"https:\/\/www.gruppolercari.com\/en\/wp-json\/wp\/v2\/posts\/6690\/revisions\/8688"}],"wp:featuredmedia":[{"embeddable":true,"href":"https:\/\/www.gruppolercari.com\/en\/wp-json\/wp\/v2\/media\/6694"}],"wp:attachment":[{"href":"https:\/\/www.gruppolercari.com\/en\/wp-json\/wp\/v2\/media?parent=6690"}],"wp:term":[{"taxonomy":"category","embeddable":true,"href":"https:\/\/www.gruppolercari.com\/en\/wp-json\/wp\/v2\/categories?post=6690"},{"taxonomy":"post_tag","embeddable":true,"href":"https:\/\/www.gruppolercari.com\/en\/wp-json\/wp\/v2\/tags?post=6690"}],"curies":[{"name":"wp","href":"https:\/\/api.w.org\/{rel}","templated":true}]}}