{"id":7163,"date":"2020-11-11T12:26:12","date_gmt":"2020-11-11T11:26:12","guid":{"rendered":"https:\/\/www.gruppolercari.com\/?p=7163"},"modified":"2020-11-11T12:26:15","modified_gmt":"2020-11-11T11:26:15","slug":"webinar-gestione-sinistri-aziendali-ai-tempi-di-covid19","status":"publish","type":"post","link":"https:\/\/www.gruppolercari.com\/en\/eventi\/webinar-gestione-sinistri-aziendali-ai-tempi-di-covid19\/","title":{"rendered":"WEBINAR &#8220;Gestione sinistri aziendali ai tempi di Covid19&#8221;"},"content":{"rendered":"\n<p class=\"entry-content abstract clearfix my-4\" itemprop=\"description\">Organizzato da ANRA e Gruppo Lercari marted\u00ec 24 Novembre 2020 alle 9.30.<\/p>\n<p><a href=\"_wp_link_placeholder\" data-wplink-edit=\"true\"><strong>\u00a0<\/strong><strong>ISCRIVITI AL WEBINAR CLICCANDO QUI.<\/strong><\/a><\/p>\n<p>La pandemia, salvo rare eccezioni, ha colpito quasi indistintamente tutta la comunit\u00e0 e i settori produttivi del Paese e del Mondo intero. Dopo una breve illusione estiva di ritorno alla normalit\u00e0, la seconda ondata autunnale ha bruscamente ricondotto alla realt\u00e0 dimostrando che nulla sar\u00e0 pi\u00f9 come prima, neanche per il mondo della gestione del rischio, e che nessun comparto \u2013 compreso quello assicurativo \u2013 \u00e8 immune.<br \/>Basti pensare alla repentina mutazione dell\u2019esposizione al rischio con la quale hanno dovuto confrontarsi numerose aziende, al possibile impatto sui requisiti patrimoniali legato all\u2019instabilit\u00e0 dei mercati finanziari, fino alla difficolt\u00e0 di assicurare i rischi, per imprese e consumatori, legati al fenomeno Covid.<br \/>Tuttavia, come accade in ogni crisi, l\u2019instabilit\u00e0 generata dalla pandemia ha consentito sia al mondo della produzione e dei servizi sia a quello del trasferimento e gestione del rischio di sviluppare nuovi e pi\u00f9 evoluti modelli di previsione e di gestione dell\u2019emergenza (e dei danni materiali ed economici che ne conseguono). Di questi si dovr\u00e0 inevitabilmente tenere conto per il futuro del comparto, per il quale flessibilit\u00e0 e tempestivit\u00e0 di intervento gi\u00e0 erano e diventeranno ancor pi\u00f9 fattore determinante.<\/p>\n<p><br \/>Ne parliamo con <strong>Alessandro De Felice<\/strong> \u2013 Presidente ANRA e CRO Prysmian Group, Ing. <strong>Edoardo Cavalieri D\u2019Oro<\/strong> &#8211; Min.Interno Dip. VV.FF. Comandante NBCRE, <strong>Andrea Gualtirolo<\/strong> &#8211; Head of SC Sinistri Large Property AXA Italia, <strong>Claudio Gava<\/strong> &#8211; Resp. Divisione Sinistri ITAS, <strong>Giovanni Lercari<\/strong> &#8211; A.D. Lercari S.r.l. e <strong>Matteo Bistoletti<\/strong> &#8211; Responsabile divisione Sinistri Edam. <br \/><br \/><em>Crediti: per la partecipazione potranno essere riconosciuti<\/em><br \/><em>&#8211; 2 CDP per il mantenimento della certificazione FERMA Rimap<\/em><br \/><em>&#8211; 1 credito formativo valido per l&#8217;Attestazione di professionalit\u00e0 rilasciata da ANRA<\/em><\/p>\n","protected":false},"excerpt":{"rendered":"<p>Organizzato da ANRA e Gruppo Lercari marted\u00ec 24 Novembre 2020 alle 9.30. \u00a0ISCRIVITI AL WEBINAR CLICCANDO QUI. La pandemia, salvo rare eccezioni, ha colpito quasi indistintamente tutta la comunit\u00e0 e i settori produttivi del Paese e del Mondo intero. Dopo una breve illusione estiva di ritorno alla normalit\u00e0, la seconda [&hellip;]<\/p>\n","protected":false},"author":1,"featured_media":7165,"comment_status":"closed","ping_status":"closed","sticky":false,"template":"","format":"standard","meta":{"_exactmetrics_skip_tracking":false,"_exactmetrics_sitenote_active":false,"_exactmetrics_sitenote_note":"","_exactmetrics_sitenote_category":0},"categories":[185,195],"tags":[69,405,229,404,22,406,24,381,382],"_links":{"self":[{"href":"https:\/\/www.gruppolercari.com\/en\/wp-json\/wp\/v2\/posts\/7163"}],"collection":[{"href":"https:\/\/www.gruppolercari.com\/en\/wp-json\/wp\/v2\/posts"}],"about":[{"href":"https:\/\/www.gruppolercari.com\/en\/wp-json\/wp\/v2\/types\/post"}],"author":[{"embeddable":true,"href":"https:\/\/www.gruppolercari.com\/en\/wp-json\/wp\/v2\/users\/1"}],"replies":[{"embeddable":true,"href":"https:\/\/www.gruppolercari.com\/en\/wp-json\/wp\/v2\/comments?post=7163"}],"version-history":[{"count":1,"href":"https:\/\/www.gruppolercari.com\/en\/wp-json\/wp\/v2\/posts\/7163\/revisions"}],"predecessor-version":[{"id":7164,"href":"https:\/\/www.gruppolercari.com\/en\/wp-json\/wp\/v2\/posts\/7163\/revisions\/7164"}],"wp:featuredmedia":[{"embeddable":true,"href":"https:\/\/www.gruppolercari.com\/en\/wp-json\/wp\/v2\/media\/7165"}],"wp:attachment":[{"href":"https:\/\/www.gruppolercari.com\/en\/wp-json\/wp\/v2\/media?parent=7163"}],"wp:term":[{"taxonomy":"category","embeddable":true,"href":"https:\/\/www.gruppolercari.com\/en\/wp-json\/wp\/v2\/categories?post=7163"},{"taxonomy":"post_tag","embeddable":true,"href":"https:\/\/www.gruppolercari.com\/en\/wp-json\/wp\/v2\/tags?post=7163"}],"curies":[{"name":"wp","href":"https:\/\/api.w.org\/{rel}","templated":true}]}}