{"id":9536,"date":"2023-08-08T12:13:59","date_gmt":"2023-08-08T10:13:59","guid":{"rendered":"https:\/\/www.gruppolercari.com\/?p=9536"},"modified":"2023-08-08T12:14:01","modified_gmt":"2023-08-08T10:14:01","slug":"gestori-evoluti-di-complessita-il-valore-aggiunto-di-una-regia","status":"publish","type":"post","link":"https:\/\/www.gruppolercari.com\/en\/news-dal-gruppo-lercari\/gestori-evoluti-di-complessita-il-valore-aggiunto-di-una-regia\/","title":{"rendered":"Gestori evoluti di complessit\u00e0: il valore aggiunto di una regia e gestione evoluta di picchi di sinistri complessi, rari e di volumi significativi in caso di emergenza"},"content":{"rendered":"<p>Nelle scorse settimane, dopo una lunga fase di siccit\u00e0, il nostro Paese, non nuovo alle <strong>CatNat<\/strong>, \u00e8 stato investito da una <strong>serie di eventi estremi che hanno interessato prima le Marche e l\u2019Emilia Romagna<\/strong> e &#8211; successivamente &#8211; <strong>una larga parte del Nord Italia<\/strong>, fra i quali l\u2019inusitata tempesta che, nella <strong>notte fra il 24 e il 25 luglio<\/strong>, si \u00e8 abbattuta sul <strong>centro stesso e l\u2019hinterland milanese<\/strong> causando un <strong>numero incalcolabile di danni a infrastrutture e propriet\u00e0 pubbliche e private ed alla micro e macro mobilit\u00e0 pubblica e privata<\/strong>.<br \/>\nLa <strong>comprovata esperienza dei nostri Team peritali<\/strong>, che sono stati <strong>attivati in modo mirato<\/strong> in funzione dei casi affidati e dei <strong>volumi da gestire<\/strong>, e la capacit\u00e0 di <strong>reazione organizzativa e tecnologica delle nostre strutture centrali e territoriali<\/strong> hanno \u2013 <strong>come sempre<\/strong> \u2013 portato il loro contributo all\u2019ecosistema di <strong>gestione del rischio<\/strong>, sia nella gestione peritale dei Sinistri di qualsiasi valore \u201cby Lercari\u201d, il cui nome \u00e8 ormai divenuto sinonimo di <strong>attivit\u00e0 peritale di eccellenza<\/strong>, sia della imponente quantit\u00e0 di dati e situazioni da elaborare che hanno messo a dura prova l\u2019intero ecosistema.<\/p>\n<p><img src=\"https:\/\/www.romagnanotizie.net\/photogallery_new\/images\/2023\/08\/distillerie-mazzari-249340.660x368.jpg\" alt=\"distillerie mazzari\" class=\"aligncenter\" \/><br \/>\nPer questo ancor pi\u00f9 <strong>ci sentiamo gratificati dal Comunicato Stampa con il quale le Distillerie Mazzari S.p.A. hanno inteso esprimere il loro sincero ringraziamento<\/strong> alla compagnia assicurativa <strong>Zurich<\/strong> <strong>Insurance PLC<\/strong>, per conto della quale <strong>siamo intervenuti<\/strong>, al fine dell\u2019<strong>accertamento e liquidazione dei danni subiti<\/strong> a causa degli eventi alluvionali in Romagna del maggio scorso.<br \/>\nNel caso specifico la <strong>veloce e positiva definizione del caso<\/strong>, a supporto della ripartenza dell\u2019attivit\u00e0 produttiva di questa importante realt\u00e0 produttiva, \u00e8 stata \u2013 come giustamente evidenziato dalla ditta Assicurata \u2013 il frutto virtuoso della corretta interazione, nel pieno rispetto dei ruoli, fra tutti i soggetti, a partire dall\u2019impresa assicurativa e suoi intermediari e collaboratori, che hanno contribuito alla <strong>positiva soluzione in tempi rapidi del caso<\/strong>.<\/p>\n<p><a href=\"https:\/\/www.gruppolercari.com\/wp-content\/uploads\/2023\/08\/Comunicato-stampa.pdf\"><strong>Leggi il Comunicato Stampa qui.<\/strong><\/a><\/p>\n<p style=\"text-align: center;\">\n<p style=\"text-align: center;\">\n","protected":false},"excerpt":{"rendered":"<p>Nelle scorse settimane, dopo una lunga fase di siccit\u00e0, il nostro Paese, non nuovo alle CatNat, \u00e8 stato investito da una serie di eventi estremi che hanno interessato prima le Marche e l\u2019Emilia Romagna e &#8211; successivamente &#8211; una larga parte del Nord Italia, fra i quali l\u2019inusitata tempesta che, [&hellip;]<\/p>\n","protected":false},"author":1,"featured_media":9539,"comment_status":"closed","ping_status":"closed","sticky":false,"template":"","format":"standard","meta":{"_exactmetrics_skip_tracking":false,"_exactmetrics_sitenote_active":false,"_exactmetrics_sitenote_note":"","_exactmetrics_sitenote_category":0},"categories":[195],"tags":[490,491,134,22],"_links":{"self":[{"href":"https:\/\/www.gruppolercari.com\/en\/wp-json\/wp\/v2\/posts\/9536"}],"collection":[{"href":"https:\/\/www.gruppolercari.com\/en\/wp-json\/wp\/v2\/posts"}],"about":[{"href":"https:\/\/www.gruppolercari.com\/en\/wp-json\/wp\/v2\/types\/post"}],"author":[{"embeddable":true,"href":"https:\/\/www.gruppolercari.com\/en\/wp-json\/wp\/v2\/users\/1"}],"replies":[{"embeddable":true,"href":"https:\/\/www.gruppolercari.com\/en\/wp-json\/wp\/v2\/comments?post=9536"}],"version-history":[{"count":2,"href":"https:\/\/www.gruppolercari.com\/en\/wp-json\/wp\/v2\/posts\/9536\/revisions"}],"predecessor-version":[{"id":9538,"href":"https:\/\/www.gruppolercari.com\/en\/wp-json\/wp\/v2\/posts\/9536\/revisions\/9538"}],"wp:featuredmedia":[{"embeddable":true,"href":"https:\/\/www.gruppolercari.com\/en\/wp-json\/wp\/v2\/media\/9539"}],"wp:attachment":[{"href":"https:\/\/www.gruppolercari.com\/en\/wp-json\/wp\/v2\/media?parent=9536"}],"wp:term":[{"taxonomy":"category","embeddable":true,"href":"https:\/\/www.gruppolercari.com\/en\/wp-json\/wp\/v2\/categories?post=9536"},{"taxonomy":"post_tag","embeddable":true,"href":"https:\/\/www.gruppolercari.com\/en\/wp-json\/wp\/v2\/tags?post=9536"}],"curies":[{"name":"wp","href":"https:\/\/api.w.org\/{rel}","templated":true}]}}